
{"id":1624,"date":"2017-09-19T11:26:19","date_gmt":"2017-09-19T09:26:19","guid":{"rendered":"https:\/\/www.beratungsbueros.eu\/cs\/bayerisch-tschechische-unternehmensboerse-2\/"},"modified":"2018-08-16T15:26:26","modified_gmt":"2018-08-16T13:26:26","slug":"bayerisch-tschechische-unternehmensboerse-2","status":"publish","type":"post","link":"https:\/\/www.beratungsbueros.eu\/cs\/bayerisch-tschechische-unternehmensboerse-2\/","title":{"rendered":"Bavorsko-\u010desk\u00e1 burza firem"},"content":{"rendered":"<p>Ve st\u0159edu 13.09.2017 se v Klatovech konala Bavorsko-\u010desk\u00e1 burza firem, kterou po\u0159\u00e1dal Evropsk\u00fd region Dunaj-Vltava, Niederbayern-Forum, Pr\u016fmyslov\u00e1 a obchodn\u00ed komora Doln\u00edho Bavorska, \u0158emeslnick\u00e1 komora Doln\u00ed Bavorsko-Horn\u00ed Falcko, Region\u00e1ln\u00ed hospod\u00e1\u0159sk\u00e1 komora Plze\u0148sk\u00e9ho kraje a Jiho\u010desk\u00e1 hospod\u00e1\u0159sk\u00e1 komora. Po best-practice-p\u0159edn\u00e1\u0161k\u00e1ch firem se s\u00eddlem v \u010cech\u00e1ch a v Bavorsku m\u011bli \u00fa\u010dastn\u00edci mo\u017enost z\u00fa\u010dastnit se veletrhu, kter\u00fd se zam\u011b\u0159oval na odv\u011btv\u00ed stroj\u00edrenstv\u00ed a elektrotechnika, nebo\u0165 tato odv\u011btv\u00ed jsou v\u00fdznamn\u00e1 na obou stran\u00e1ch hranice. P\u0159es 150 \u010desk\u00fdch a bavorsk\u00fdch n\u00e1v\u0161t\u011bvn\u00edk\u016f burzy firem m\u011blo mo\u017enost hovo\u0159it s v\u00fdstavci \u2013 s firmami, univerzitami a dal\u0161\u00edmi organizacemi. U st\u00e1nk\u016f bylo diskutov\u00e1no o v\u00fdrobc\u00edch, byla nalezena \u0159ada technick\u00fdch \u0159e\u0161en\u00ed a domluveny dal\u0161\u00ed kroky vz\u00e1jemn\u00e9 spolupr\u00e1ce.<\/p>\n<p>&nbsp;<\/p>\n<p><img loading=\"lazy\" decoding=\"async\" class=\"alignnone size-full wp-image-2556\" src=\"https:\/\/www.beratungsbueros.eu\/wp-content\/uploads\/k-UB2.jpg\" alt=\"k-ub2\" width=\"960\" height=\"720\" srcset=\"https:\/\/www.beratungsbueros.eu\/wp-content\/uploads\/k-UB2.jpg 960w, https:\/\/www.beratungsbueros.eu\/wp-content\/uploads\/k-UB2-768x576.jpg 768w\" sizes=\"auto, (max-width: 960px) 100vw, 960px\" \/> <img loading=\"lazy\" decoding=\"async\" class=\"alignnone size-full wp-image-2571\" src=\"https:\/\/www.beratungsbueros.eu\/wp-content\/uploads\/k-UB9.jpg\" alt=\"k-ub9\" width=\"960\" height=\"720\" srcset=\"https:\/\/www.beratungsbueros.eu\/wp-content\/uploads\/k-UB9.jpg 960w, https:\/\/www.beratungsbueros.eu\/wp-content\/uploads\/k-UB9-768x576.jpg 768w\" sizes=\"auto, (max-width: 960px) 100vw, 960px\" \/> <img loading=\"lazy\" decoding=\"async\" class=\"alignnone size-medium wp-image-2568\" src=\"https:\/\/www.beratungsbueros.eu\/wp-content\/uploads\/k-UB8.jpg\" alt=\"k-ub8\" width=\"960\" height=\"720\" srcset=\"https:\/\/www.beratungsbueros.eu\/wp-content\/uploads\/k-UB8.jpg 960w, https:\/\/www.beratungsbueros.eu\/wp-content\/uploads\/k-UB8-768x576.jpg 768w\" sizes=\"auto, (max-width: 960px) 100vw, 960px\" \/> <img loading=\"lazy\" decoding=\"async\" class=\"alignnone size-medium wp-image-2565\" src=\"https:\/\/www.beratungsbueros.eu\/wp-content\/uploads\/k-UB7.jpg\" alt=\"k-ub7\" width=\"960\" height=\"720\" srcset=\"https:\/\/www.beratungsbueros.eu\/wp-content\/uploads\/k-UB7.jpg 960w, https:\/\/www.beratungsbueros.eu\/wp-content\/uploads\/k-UB7-768x576.jpg 768w\" sizes=\"auto, (max-width: 960px) 100vw, 960px\" \/> <img loading=\"lazy\" decoding=\"async\" class=\"alignnone size-medium wp-image-2562\" src=\"https:\/\/www.beratungsbueros.eu\/wp-content\/uploads\/k-UB6.jpg\" alt=\"k-ub6\" width=\"960\" height=\"720\" srcset=\"https:\/\/www.beratungsbueros.eu\/wp-content\/uploads\/k-UB6.jpg 960w, https:\/\/www.beratungsbueros.eu\/wp-content\/uploads\/k-UB6-768x576.jpg 768w\" sizes=\"auto, (max-width: 960px) 100vw, 960px\" \/> <img loading=\"lazy\" decoding=\"async\" class=\"alignnone size-medium wp-image-2559\" src=\"https:\/\/www.beratungsbueros.eu\/wp-content\/uploads\/k-UB3.jpg\" alt=\"k-ub3\" width=\"960\" height=\"720\" srcset=\"https:\/\/www.beratungsbueros.eu\/wp-content\/uploads\/k-UB3.jpg 960w, https:\/\/www.beratungsbueros.eu\/wp-content\/uploads\/k-UB3-768x576.jpg 768w\" sizes=\"auto, (max-width: 960px) 100vw, 960px\" \/><\/p>\n","protected":false},"excerpt":{"rendered":"<p>Ve st\u0159edu 13.09.2017 se v Klatovech konala Bavorsko-\u010desk\u00e1 burza firem, kterou po\u0159\u00e1dal Evropsk\u00fd region Dunaj-Vltava, Niederbayern-Forum, Pr\u016fmyslov\u00e1 a obchodn\u00ed komora<span class=\"excerpt-more\"> [&#8230;]<\/span><\/p>\n","protected":false},"author":7,"featured_media":2553,"comment_status":"closed","ping_status":"closed","sticky":false,"template":"","format":"standard","meta":{"footnotes":""},"categories":[91,120],"tags":[],"class_list":["post-1624","post","type-post","status-publish","format-standard","has-post-thumbnail","hentry","category-dolni-bavorsko","category-veranstaltung-cs"],"_links":{"self":[{"href":"https:\/\/www.beratungsbueros.eu\/cs\/wp-json\/wp\/v2\/posts\/1624","targetHints":{"allow":["GET"]}}],"collection":[{"href":"https:\/\/www.beratungsbueros.eu\/cs\/wp-json\/wp\/v2\/posts"}],"about":[{"href":"https:\/\/www.beratungsbueros.eu\/cs\/wp-json\/wp\/v2\/types\/post"}],"author":[{"embeddable":true,"href":"https:\/\/www.beratungsbueros.eu\/cs\/wp-json\/wp\/v2\/users\/7"}],"replies":[{"embeddable":true,"href":"https:\/\/www.beratungsbueros.eu\/cs\/wp-json\/wp\/v2\/comments?post=1624"}],"version-history":[{"count":6,"href":"https:\/\/www.beratungsbueros.eu\/cs\/wp-json\/wp\/v2\/posts\/1624\/revisions"}],"predecessor-version":[{"id":2577,"href":"https:\/\/www.beratungsbueros.eu\/cs\/wp-json\/wp\/v2\/posts\/1624\/revisions\/2577"}],"wp:featuredmedia":[{"embeddable":true,"href":"https:\/\/www.beratungsbueros.eu\/cs\/wp-json\/wp\/v2\/media\/2553"}],"wp:attachment":[{"href":"https:\/\/www.beratungsbueros.eu\/cs\/wp-json\/wp\/v2\/media?parent=1624"}],"wp:term":[{"taxonomy":"category","embeddable":true,"href":"https:\/\/www.beratungsbueros.eu\/cs\/wp-json\/wp\/v2\/categories?post=1624"},{"taxonomy":"post_tag","embeddable":true,"href":"https:\/\/www.beratungsbueros.eu\/cs\/wp-json\/wp\/v2\/tags?post=1624"}],"curies":[{"name":"wp","href":"https:\/\/api.w.org\/{rel}","templated":true}]}}