
{"id":8298,"date":"2026-04-28T11:57:29","date_gmt":"2026-04-28T09:57:29","guid":{"rendered":"https:\/\/www.beratungsbueros.eu\/?p=8298"},"modified":"2026-04-28T11:57:55","modified_gmt":"2026-04-28T09:57:55","slug":"beratungsbuero-oberfranken-beim-5-eu-tag-der-universitaet-bayreuth-austausch-zu-europaeischen-foerderprogrammen","status":"publish","type":"post","link":"https:\/\/www.beratungsbueros.eu\/cs\/beratungsbuero-oberfranken-beim-5-eu-tag-der-universitaet-bayreuth-austausch-zu-europaeischen-foerderprogrammen\/","title":{"rendered":"Poradensk\u00e1 kancel\u00e1\u0159 Horn\u00ed Franky na 5. EU dni Univerzity v Bayreuthu \u2013 v\u00fdm\u011bna zku\u0161enost\u00ed o evropsk\u00fdch dota\u010dn\u00edch programech"},"content":{"rendered":"<p>Dne 15. dubna 2026 se na Fakult\u011b in\u017een\u00fdrsk\u00fdch v\u011bd Univerzity v Bayreuthu uskute\u010dnil 5. EU den, kter\u00fd p\u0159edstavil \u0161irok\u00e9 spektrum p\u016fsobiv\u00fdch v\u00fdzkumn\u00fdch projekt\u016f financovan\u00fdch z evropsk\u00fdch zdroj\u016f. Akce p\u0159il\u00e1kala v\u00edce ne\u017e 100 \u00fa\u010dastn\u00edk\u016f a nab\u00eddla strukturovan\u00fd prostor pro odbornou v\u00fdm\u011bnu, navazov\u00e1n\u00ed kontakt\u016f a rozvoj nov\u00fdch projektov\u00fdch z\u00e1m\u011br\u016f.<\/p>\n<p>V centru pozornosti st\u00e1lo celkem <u>26 projekt\u016f financovan\u00fdch EU z jeden\u00e1cti instituc\u00ed<\/u>, kter\u00e9 prezentovaly sv\u00e9 v\u00fdsledky v\u00fdzkumu a projektov\u00e9 p\u0159\u00edstupy. Tematick\u00e1 rozmanitost sahala od asisten\u010dn\u00edch syst\u00e9m\u016f zalo\u017een\u00fdch na um\u011bl\u00e9 inteligenci pro mal\u00e9 a st\u0159edn\u00ed podniky a\u017e po koncepty p\u0159enosu znalost\u00ed do venkovsk\u00fdch region\u016f Evropy s c\u00edlem pos\u00edlit region\u00e1ln\u00ed inova\u010dn\u00ed ekosyst\u00e9my. Z\u0159eteln\u011b se tak uk\u00e1zala strategick\u00e1 role evropsk\u00fdch dota\u010dn\u00edch program\u016f pro rozvoj perspektivn\u00edho v\u00fdzkumu a inovac\u00ed.<\/p>\n<p>V r\u00e1mci projektov\u00fdch prezentac\u00ed byl mimo jin\u00e9 p\u0159edstaven <u>projekt <strong>TransAC<\/strong> programu Interreg B \u2013 Dunajsk\u00fd region<\/u>. C\u00edlem projektu je vytvo\u0159en\u00ed nadn\u00e1rodn\u00ed Danube Training Academy for Additive Manufacturing, kter\u00e1 propoj\u00ed \u0161kolic\u00ed centra ve v\u0161ech zapojen\u00fdch regionech. P\u0159\u00edstup projektu se zam\u011b\u0159uje na posilov\u00e1n\u00ed kompetenc\u00ed v oblasti aditivn\u00ed v\u00fdroby, podporu p\u0159enosu znalost\u00ed a dlouhodob\u00e9 zaji\u0161t\u011bn\u00ed inova\u010dn\u00edho potenci\u00e1lu v dunajsk\u00e9m regionu. Projekt je doprov\u00e1zen a strategicky podporov\u00e1n poradkyn\u00ed pro dota\u010dn\u00ed prost\u0159edky z Poradensk\u00e9 kancel\u00e1\u0159e Horn\u00ed Franky.<\/p>\n<p>V pr\u016fb\u011bhu akce nab\u00eddla \u0159ada informa\u010dn\u00edch st\u00e1nk\u016f komplexn\u00ed p\u0159ehled evropsk\u00fdch dota\u010dn\u00edch p\u0159\u00edle\u017eitost\u00ed. Z\u00e1stupci kl\u00ed\u010dov\u00fdch program\u016f \u2013 v\u010detn\u011b ESF+, EFRE a program\u016f Interreg (A, B a C) \u2013 p\u0159edstavili sv\u00e9 nab\u00eddky poradenstv\u00ed a byli k dispozici tak\u00e9 pro individu\u00e1ln\u00ed konzultace. \u00da\u010dastn\u00edci tak m\u011bli mo\u017enost z\u00edskat aktu\u00e1ln\u00ed informace o dota\u010dn\u00edch p\u0159\u00edle\u017eitostech, mo\u017enostech p\u0159\u00edpravy projekt\u016f i praktick\u00fdch aspektech pod\u00e1v\u00e1n\u00ed \u017e\u00e1dost\u00ed a realizace projekt\u016f.<\/p>\n<div id=\"attachment_8284\" style=\"width: 2570px\" class=\"wp-caption alignleft\"><img loading=\"lazy\" decoding=\"async\" aria-describedby=\"caption-attachment-8284\" class=\"size-full wp-image-8284\" src=\"https:\/\/www.beratungsbueros.eu\/wp-content\/uploads\/2026\/04\/4-scaled.jpg\" alt=\"Bildquelle: Universit\u00e4t Bayreuth\" width=\"2560\" height=\"1706\" srcset=\"https:\/\/www.beratungsbueros.eu\/wp-content\/uploads\/2026\/04\/4-scaled.jpg 2560w, https:\/\/www.beratungsbueros.eu\/wp-content\/uploads\/2026\/04\/4-768x512.jpg 768w, https:\/\/www.beratungsbueros.eu\/wp-content\/uploads\/2026\/04\/4-1536x1024.jpg 1536w, https:\/\/www.beratungsbueros.eu\/wp-content\/uploads\/2026\/04\/4-2048x1365.jpg 2048w\" sizes=\"auto, (max-width: 2560px) 100vw, 2560px\" \/><p id=\"caption-attachment-8284\" class=\"wp-caption-text\">Zdroj: Universit\u00e4t Bayreuth<\/p><\/div>\n<div id=\"attachment_8290\" style=\"width: 2570px\" class=\"wp-caption alignleft\"><img loading=\"lazy\" decoding=\"async\" aria-describedby=\"caption-attachment-8290\" class=\"wp-image-8290 size-full\" src=\"https:\/\/www.beratungsbueros.eu\/wp-content\/uploads\/2026\/04\/2-scaled.jpg\" alt=\"\" width=\"2560\" height=\"1707\" srcset=\"https:\/\/www.beratungsbueros.eu\/wp-content\/uploads\/2026\/04\/2-scaled.jpg 2560w, https:\/\/www.beratungsbueros.eu\/wp-content\/uploads\/2026\/04\/2-768x512.jpg 768w, https:\/\/www.beratungsbueros.eu\/wp-content\/uploads\/2026\/04\/2-1536x1024.jpg 1536w, https:\/\/www.beratungsbueros.eu\/wp-content\/uploads\/2026\/04\/2-2048x1365.jpg 2048w\" sizes=\"auto, (max-width: 2560px) 100vw, 2560px\" \/><p id=\"caption-attachment-8290\" class=\"wp-caption-text\">Zdroj: Universit\u00e4t Bayreuth<\/p><\/div>\n<div id=\"attachment_8287\" style=\"width: 2570px\" class=\"wp-caption alignleft\"><img loading=\"lazy\" decoding=\"async\" aria-describedby=\"caption-attachment-8287\" class=\"wp-image-8287 size-full\" src=\"https:\/\/www.beratungsbueros.eu\/wp-content\/uploads\/2026\/04\/11-scaled.jpg\" alt=\"\" width=\"2560\" height=\"1707\" srcset=\"https:\/\/www.beratungsbueros.eu\/wp-content\/uploads\/2026\/04\/11-scaled.jpg 2560w, https:\/\/www.beratungsbueros.eu\/wp-content\/uploads\/2026\/04\/11-768x512.jpg 768w, https:\/\/www.beratungsbueros.eu\/wp-content\/uploads\/2026\/04\/11-1536x1024.jpg 1536w, https:\/\/www.beratungsbueros.eu\/wp-content\/uploads\/2026\/04\/11-2048x1365.jpg 2048w\" sizes=\"auto, (max-width: 2560px) 100vw, 2560px\" \/><p id=\"caption-attachment-8287\" class=\"wp-caption-text\">Zdroj: Universit\u00e4t Bayreuth<\/p><\/div>\n","protected":false},"excerpt":{"rendered":"<p>Dne 15. dubna 2026 se na Fakult\u011b in\u017een\u00fdrsk\u00fdch v\u011bd Univerzity v Bayreuthu uskute\u010dnil 5. EU den, kter\u00fd p\u0159edstavil \u0161irok\u00e9 spektrum<span class=\"excerpt-more\"> [&#8230;]<\/span><\/p>\n","protected":false},"author":21,"featured_media":8284,"comment_status":"closed","ping_status":"closed","sticky":false,"template":"","format":"standard","meta":{"footnotes":""},"categories":[97,120,99],"tags":[],"class_list":["post-8298","post","type-post","status-publish","format-standard","has-post-thumbnail","hentry","category-horni-franky","category-veranstaltung-cs","category-vseobecne"],"_links":{"self":[{"href":"https:\/\/www.beratungsbueros.eu\/cs\/wp-json\/wp\/v2\/posts\/8298","targetHints":{"allow":["GET"]}}],"collection":[{"href":"https:\/\/www.beratungsbueros.eu\/cs\/wp-json\/wp\/v2\/posts"}],"about":[{"href":"https:\/\/www.beratungsbueros.eu\/cs\/wp-json\/wp\/v2\/types\/post"}],"author":[{"embeddable":true,"href":"https:\/\/www.beratungsbueros.eu\/cs\/wp-json\/wp\/v2\/users\/21"}],"replies":[{"embeddable":true,"href":"https:\/\/www.beratungsbueros.eu\/cs\/wp-json\/wp\/v2\/comments?post=8298"}],"version-history":[{"count":5,"href":"https:\/\/www.beratungsbueros.eu\/cs\/wp-json\/wp\/v2\/posts\/8298\/revisions"}],"predecessor-version":[{"id":8303,"href":"https:\/\/www.beratungsbueros.eu\/cs\/wp-json\/wp\/v2\/posts\/8298\/revisions\/8303"}],"wp:featuredmedia":[{"embeddable":true,"href":"https:\/\/www.beratungsbueros.eu\/cs\/wp-json\/wp\/v2\/media\/8284"}],"wp:attachment":[{"href":"https:\/\/www.beratungsbueros.eu\/cs\/wp-json\/wp\/v2\/media?parent=8298"}],"wp:term":[{"taxonomy":"category","embeddable":true,"href":"https:\/\/www.beratungsbueros.eu\/cs\/wp-json\/wp\/v2\/categories?post=8298"},{"taxonomy":"post_tag","embeddable":true,"href":"https:\/\/www.beratungsbueros.eu\/cs\/wp-json\/wp\/v2\/tags?post=8298"}],"curies":[{"name":"wp","href":"https:\/\/api.w.org\/{rel}","templated":true}]}}